{"id":3397,"date":"2022-07-01T10:14:26","date_gmt":"2022-07-01T10:14:26","guid":{"rendered":"https:\/\/www.yellowcar.com\/starlite-2022-in-marbella\/"},"modified":"2023-12-13T08:48:08","modified_gmt":"2023-12-13T08:48:08","slug":"starlite-2022-in-marbella","status":"publish","type":"post","link":"https:\/\/www.yellowcar.com\/en\/starlite-2022-in-marbella\/","title":{"rendered":"Starlite 2022 in Marbella"},"content":{"rendered":"<p>The ninth edition of the <strong>Starlite Catalana Occidente<\/strong> music festival will take place, as every year on the Costa del Sol. Thousands of attendees are looking forward to seeing their favourite singers. In addition, as always, the region will offer the best leisure and gastronomic offer to its visitors. Are you thinking of going to Starlite? Read on and take note of all the details, let&#8217;s get started!<\/p>\n<h2>Starlite festival<\/h2>\n<p>The Starlite festival in Marbella this year will have a very varied musical offer. On this occasion we will have the presence of internationally renowned singers such as Diana Ross, C Tangana, Pablo Albor\u00e1n, Christina Aguilera, Diana Krall, Pl\u00e1cido Domingo, Luis Fonsi, among many more!<\/p>\n<h2>Starlite concerts<\/h2>\n<p>The <strong>Starlite Marbella concerts this 2022<\/strong> will be of the most complete. In the <strong>Starlite Auditorium in Marbella<\/strong> there is currently a programme of thirty concerts of both national and international artists, from <strong>10 June to 3 September.<\/strong><\/p>\n<p>Apart from the concerts in the Auditorium, you can&#8217;t miss the <strong>Starlite Sessions<\/strong>, a new series of concerts that will take place on the Sessions stage, which stand out for having a slightly smaller capacity. On the other hand, there will also be<strong> Golden Sessions<\/strong> every Monday. We will enjoy performances by the best international electronic music DJs on the Sessions stage. But that&#8217;s not all, as every day we will be able to enjoy the music of national DJs in the Djs Sessions that will also take place on the Sessions stage. Finally, Espacio Sessions will also have an interesting programme that will take place before the concerts in the auditorium.<\/p>\n<h2>Starlite Tickets<\/h2>\n<p>Getting tickets for Starlite is very easy, you can do it on the <a href=\"https:\/\/starlitemarbella.com\/en\/\" target=\"_blank\" rel=\"noopener\"><strong>official website<\/strong><\/a> of the festival, by downloading their App, or through websites with an agreement. You can choose the concert you want to see and the place in the auditorium where you want to see your favourite artists. Below we share with you the schedule of the artists that will be at Starlite this year.<\/p>\n<h2>Starlite Marbella 2022 artists<\/h2>\n<p>The artists attending the <strong>Starlite festival in Marbella this 2022<\/strong> are many and varied. So they are sure to cover your musical tastes and you will be able to enjoy several days of concerts.<\/p>\n<ul>\n<li>11 june: C. Tangana<\/li>\n<li>17 june: God Save The Queen<\/li>\n<li>22 june: Jason Derulo<\/li>\n<li>23 june: Sebasti\u00e1n Yatra<\/li>\n<li>24 june Premier &#8211; Directed by Paola G-SanJu\u00e1n Machado<\/li>\n<li>25 june Jos\u00e9 Merc\u00e9<\/li>\n<li>30 june: Sergio Dalma<\/li>\n<li>1 july: Vanesa Mart\u00edn<\/li>\n<li>1 july y 4 august: Zzoilo<\/li>\n<li>2 july : Pica Pica<\/li>\n<li>4 july : Ozuna<\/li>\n<li>5 july : Chucho Vald\u00e9s, Cimafunk, Pancho C\u00e9spedes, Pablo Milan\u00e9s, Javier Ojeda y Efecto Mariposa<\/li>\n<li>6 july : Diana Ross<\/li>\n<li>8 july : Il Divo<\/li>\n<li>10 june, 8 july , 13 july , 19 july , 27 july , 3 august, 10 august, 16 august, 23 august y 3 september: Juan Mag\u00e1n<\/li>\n<li>9 july: Pablo Albor\u00e1n<\/li>\n<li>11 july: Pl\u00e1cido Domingo, Ainhoa Arteta y Marta S\u00e1nchez<\/li>\n<li>12 july: C. Tangana<\/li>\n<li>14 july: Myke Towers<\/li>\n<li>15 july Carlos Vives<\/li>\n<li>15 july\u00a0 y 25 august: Fabbio<\/li>\n<li>16 july: Juanes<\/li>\n<li>18 july: Carlos Baute y Chenoa<\/li>\n<li>19 july: Nile Rodgers &amp; Chic<\/li>\n<li>20 july: Maluma<\/li>\n<li>21 july: Nicky Jam<\/li>\n<li>21 july y 18 august: L\u00e9rica<\/li>\n<li>22 july: Jessie J<\/li>\n<li>23 july: Serrat<\/li>\n<li>25 july: Christina Aguilera<\/li>\n<li>26 july: Ozuna<\/li>\n<li>27 july: Andr\u00e9s Calamaro<\/li>\n<li>28 july: Ana Torroja<\/li>\n<li>28 july: Chema Rivas<\/li>\n<li>29 july: Simple Minds<\/li>\n<li>30 july: Diana Krall<\/li>\n<li>31 july: Camilo<\/li>\n<li>1 august: C. Tangana<\/li>\n<li>2 august: Camilo<\/li>\n<li>3 august: Mal\u00fa<\/li>\n<li>4 august: Passenger<\/li>\n<li>5 august: Dvicio &amp; Marlon<\/li>\n<li>6 august: Gloria Trevi y M\u00f3nica Naranjo<\/li>\n<li>10 august: Raphael<\/li>\n<li>11 august: Estrella Morente, Israel Fern\u00e1ndez y Kiki Morente<\/li>\n<li>12 august: Diego Torres<\/li>\n<li>13 august: Jorge Drexler y Coque Malla<\/li>\n<li>15 august: Andrea Bocelli<\/li>\n<li>16 august: Sara Baras<\/li>\n<li>17 august: Leiva<\/li>\n<li>18 august: Antonio Jos\u00e9<\/li>\n<li>19 august Farruquito y Arc\u00e1ngel<\/li>\n<li>20 august: Carlos Rivera<\/li>\n<li>21 august: Caf\u00e9 Quijano<\/li>\n<li>22 august: Luis Fonsi<\/li>\n<li>23 and 24 august: Dani Mart\u00edn<\/li>\n<li>25 august: Vanesa Mart\u00edn<\/li>\n<li>26 august: Siempre As\u00ed<\/li>\n<li>27 august: Miguel Poveda<\/li>\n<li>30 august: Morat<\/li>\n<li>31 august: Ara Malikian<\/li>\n<li>1 september: Bert\u00edn Osborne and\u00a0 Jos\u00e9 Luis Rodr\u00edguez \u201cEl Puma&#8221;<\/li>\n<li>2 september: D\u00fao Din\u00e1mico<\/li>\n<li>3 september: Estopa<\/li>\n<\/ul>\n<h2>Starlite how to get there<\/h2>\n<p>If you are planning to attend <strong>Starlite Marbella, how to get there<\/strong> won&#8217;t be a problem. Take note, because the festival will be held at the Cantera de Nag\u00fceles, an open-air venue surrounded by nature. It is exactly in the upper part of the Sierra Blanca Urbanization, about 3.5km from the centre of Marbella (less than 10 minutes) and a quarter of an hour from Puerto Ban\u00fas. You can get there either by car on the A7 motorway, Exit 181 (Nag\u00fceles) or by bus from Marbella town.<\/p>\n<p>Another important fact, if you are travelling specifically to enjoy the festival, a great option is to <strong>stay at Benabola Hotel<\/strong>, for its good location and excellent value for money.<\/p>\n<h2>Starlite Marbella Price<\/h2>\n<p><strong>Ticket prices<\/strong> vary depending on the artist and the location you want. So the sooner you get your ticket, the more options you will have to choose a venue.<\/p>\n<p>Don&#8217;t miss this summer&#8217;s <strong>Starlite by Catalana Occidente<\/strong>, a festival created for music lovers in one of the most recommended areas of the country to enjoy the summer season. Which concert are you attending this year?<\/p>\n","protected":false},"excerpt":{"rendered":"<p>The ninth edition of the Starlite Catalana Occidente music festival will take place, as every year on the Costa del Sol. Thousands of attendees are looking forward to seeing their favourite singers. In addition, as always, the region will offer the best leisure and gastronomic offer to its visitors. Are you thinking of going to [&hellip;]<\/p>\n","protected":false},"author":2,"featured_media":2604,"comment_status":"open","ping_status":"open","sticky":false,"template":"","format":"standard","meta":{"_acf_changed":false,"inline_featured_image":false,"_uag_custom_page_level_css":"","footnotes":""},"categories":[1],"tags":[],"class_list":["post-3397","post","type-post","status-publish","format-standard","has-post-thumbnail","hentry","category-uncategorized"],"acf":[],"uagb_featured_image_src":{"full":["https:\/\/www.yellowcar.com\/wp-content\/uploads\/2023\/04\/starlite-marbella.webp",810,540,false],"thumbnail":["https:\/\/www.yellowcar.com\/wp-content\/uploads\/2023\/04\/starlite-marbella.webp",150,100,false],"medium":["https:\/\/www.yellowcar.com\/wp-content\/uploads\/2023\/04\/starlite-marbella.webp",300,200,false],"medium_large":["https:\/\/www.yellowcar.com\/wp-content\/uploads\/2023\/04\/starlite-marbella.webp",768,512,false],"large":["https:\/\/www.yellowcar.com\/wp-content\/uploads\/2023\/04\/starlite-marbella.webp",810,540,false],"1536x1536":["https:\/\/www.yellowcar.com\/wp-content\/uploads\/2023\/04\/starlite-marbella.webp",810,540,false],"2048x2048":["https:\/\/www.yellowcar.com\/wp-content\/uploads\/2023\/04\/starlite-marbella.webp",810,540,false]},"uagb_author_info":{"display_name":"Yellow Car","author_link":"https:\/\/www.yellowcar.com\/en\/author\/yellow-car\/"},"uagb_comment_info":0,"uagb_excerpt":"The ninth edition of the Starlite Catalana Occidente music festival will take place, as every year on the Costa del Sol. Thousands of attendees are looking forward to seeing their favourite singers. In addition, as always, the region will offer the best leisure and gastronomic offer to its visitors. Are you thinking of going to&hellip;","_links":{"self":[{"href":"https:\/\/www.yellowcar.com\/en\/wp-json\/wp\/v2\/posts\/3397","targetHints":{"allow":["GET"]}}],"collection":[{"href":"https:\/\/www.yellowcar.com\/en\/wp-json\/wp\/v2\/posts"}],"about":[{"href":"https:\/\/www.yellowcar.com\/en\/wp-json\/wp\/v2\/types\/post"}],"author":[{"embeddable":true,"href":"https:\/\/www.yellowcar.com\/en\/wp-json\/wp\/v2\/users\/2"}],"replies":[{"embeddable":true,"href":"https:\/\/www.yellowcar.com\/en\/wp-json\/wp\/v2\/comments?post=3397"}],"version-history":[{"count":1,"href":"https:\/\/www.yellowcar.com\/en\/wp-json\/wp\/v2\/posts\/3397\/revisions"}],"predecessor-version":[{"id":7666,"href":"https:\/\/www.yellowcar.com\/en\/wp-json\/wp\/v2\/posts\/3397\/revisions\/7666"}],"wp:featuredmedia":[{"embeddable":true,"href":"https:\/\/www.yellowcar.com\/en\/wp-json\/wp\/v2\/media\/2604"}],"wp:attachment":[{"href":"https:\/\/www.yellowcar.com\/en\/wp-json\/wp\/v2\/media?parent=3397"}],"wp:term":[{"taxonomy":"category","embeddable":true,"href":"https:\/\/www.yellowcar.com\/en\/wp-json\/wp\/v2\/categories?post=3397"},{"taxonomy":"post_tag","embeddable":true,"href":"https:\/\/www.yellowcar.com\/en\/wp-json\/wp\/v2\/tags?post=3397"}],"curies":[{"name":"wp","href":"https:\/\/api.w.org\/{rel}","templated":true}]}}