{"id":3347,"date":"2021-07-19T05:04:04","date_gmt":"2021-07-19T05:04:04","guid":{"rendered":"https:\/\/www.yellowcar.com\/what-is-the-vat-on-rental-cars\/"},"modified":"2023-12-13T10:47:33","modified_gmt":"2023-12-13T10:47:33","slug":"what-is-the-vat-on-rental-cars","status":"publish","type":"post","link":"https:\/\/www.yellowcar.com\/en\/what-is-the-vat-on-rental-cars\/","title":{"rendered":"What is the VAT on rental cars?"},"content":{"rendered":"<p style=\"text-align: center;\"><strong>VAT on car rental is the general rate<\/strong>, <strong>i.e. 21%<\/strong>. If you have ever rented a car, you will have seen on your invoice what VAT is charged on rental cars: the general rate, with no exceptions of any kind and without the possibility of exemptions.<\/p>\n<h2>VAT on car rental<\/h2>\n<p>Businesses in the sector have been calling for years for a reduction in the tax rate, as they find it curious that <strong>their activity is taxed at 21% VAT<\/strong> while other activities, such as passenger transport or tourist services, are taxed at only 10%.<\/p>\n<p><strong><a href=\"https:\/\/www.yellowcar.com\/en\/car-rental-in-malaga\/\">Car rental in the province of Malaga<\/a><\/strong>, where <strong>Yellow Car<\/strong> operates, is almost entirely associated with tourist activity. This led the <strong>National Federation of Car Rental Companies with and without drivers (FENEVAL)<\/strong> to study the impact of reducing this tax rate in 2020.<\/p>\n<p>FENEVAL estimated that the non-reduction of VAT could lead to the <strong>disappearance of hundreds of companies in the sector and the loss of more than 1,500 jobs in 2020 alone<\/strong>. Many car rental companies are SMEs and are in a more difficult position to survive a lasting economic crisis.<iframe class=\"myshadow\" style=\"height: 420px; min-width: 100%; background-color: rgba(255, 255, 255, 0.99); align: center;\" src=\"https:\/\/reservas.yellowcar.com\/?search=1&amp;idioma=es&amp;edad=31\" width=\"100%\" frameborder=\"0\" scrolling=\"no\" align=\"center\">You need frames capable browser to view this content&#8221;<\/iframe><\/p>\n<h2>Tips for renting a car<\/h2>\n<p>So far, <strong>public administrations have not considered the request to reduce VAT on <a href=\"https:\/\/www.yellowcar.com\/en\">car hire<\/a><\/strong>, but the good news is that 2021 is proving to be a more active year in the tourism sector.<\/p>\n<p>Thus, the tips for renting a car include knowing in depth <strong>what the rental company&#8217;s management policies are and selecting a vehicle that is perfectly adapted to the itineraries to be collected. <\/strong>Por otra parte, es importante confiar en una empresa que preste servicio de <strong>asistencia en carretera las 24 horas<\/strong> y que de <strong>facilidades para la entrega del veh\u00edculo en puntos distintos de la geograf\u00eda<\/strong>: el <a href=\"https:\/\/www.yellowcar.com\/alquiler-coche-aeropuerto-malaga\/\">aeropuerto<\/a>, las instalaciones de la empresa o la <a href=\"https:\/\/www.yellowcar.com\/alquiler-coches-malaga-estacion-tren\/\">estaci\u00f3n de trenes<\/a>.<\/p>\n<p>Si llegaste aqu\u00ed pregunt\u00e1ndote cu\u00e1l era el <strong>IVA del alquiler de un coche<\/strong>, la respuesta es el general, un tipo del 21%. La petici\u00f3n de reducci\u00f3n en este porcentaje para igualarlo con el de otras actividades tur\u00edsticas es una demanda hist\u00f3rica del sector.<\/p>\n","protected":false},"excerpt":{"rendered":"<p>VAT on car rental is the general rate, i.e. 21%. If you have ever rented a car, you will have seen on your invoice what VAT is charged on rental cars: the general rate, with no exceptions of any kind and without the possibility of exemptions. VAT on car rental Businesses in the sector have [&hellip;]<\/p>\n","protected":false},"author":4,"featured_media":2243,"comment_status":"open","ping_status":"open","sticky":false,"template":"","format":"standard","meta":{"_acf_changed":false,"inline_featured_image":false,"_uag_custom_page_level_css":"","footnotes":""},"categories":[1],"tags":[],"class_list":["post-3347","post","type-post","status-publish","format-standard","has-post-thumbnail","hentry","category-uncategorized"],"acf":[],"uagb_featured_image_src":{"full":["https:\/\/www.yellowcar.com\/wp-content\/uploads\/2023\/04\/IVA-alquiler-coche-espana.jpg",600,400,false],"thumbnail":["https:\/\/www.yellowcar.com\/wp-content\/uploads\/2023\/04\/IVA-alquiler-coche-espana.jpg",150,100,false],"medium":["https:\/\/www.yellowcar.com\/wp-content\/uploads\/2023\/04\/IVA-alquiler-coche-espana.jpg",300,200,false],"medium_large":["https:\/\/www.yellowcar.com\/wp-content\/uploads\/2023\/04\/IVA-alquiler-coche-espana.jpg",600,400,false],"large":["https:\/\/www.yellowcar.com\/wp-content\/uploads\/2023\/04\/IVA-alquiler-coche-espana.jpg",600,400,false],"1536x1536":["https:\/\/www.yellowcar.com\/wp-content\/uploads\/2023\/04\/IVA-alquiler-coche-espana.jpg",600,400,false],"2048x2048":["https:\/\/www.yellowcar.com\/wp-content\/uploads\/2023\/04\/IVA-alquiler-coche-espana.jpg",600,400,false]},"uagb_author_info":{"display_name":"Samuel","author_link":"https:\/\/www.yellowcar.com\/en\/author\/nubeseo\/"},"uagb_comment_info":0,"uagb_excerpt":"VAT on car rental is the general rate, i.e. 21%. If you have ever rented a car, you will have seen on your invoice what VAT is charged on rental cars: the general rate, with no exceptions of any kind and without the possibility of exemptions. VAT on car rental Businesses in the sector have&hellip;","_links":{"self":[{"href":"https:\/\/www.yellowcar.com\/en\/wp-json\/wp\/v2\/posts\/3347","targetHints":{"allow":["GET"]}}],"collection":[{"href":"https:\/\/www.yellowcar.com\/en\/wp-json\/wp\/v2\/posts"}],"about":[{"href":"https:\/\/www.yellowcar.com\/en\/wp-json\/wp\/v2\/types\/post"}],"author":[{"embeddable":true,"href":"https:\/\/www.yellowcar.com\/en\/wp-json\/wp\/v2\/users\/4"}],"replies":[{"embeddable":true,"href":"https:\/\/www.yellowcar.com\/en\/wp-json\/wp\/v2\/comments?post=3347"}],"version-history":[{"count":1,"href":"https:\/\/www.yellowcar.com\/en\/wp-json\/wp\/v2\/posts\/3347\/revisions"}],"predecessor-version":[{"id":7738,"href":"https:\/\/www.yellowcar.com\/en\/wp-json\/wp\/v2\/posts\/3347\/revisions\/7738"}],"wp:featuredmedia":[{"embeddable":true,"href":"https:\/\/www.yellowcar.com\/en\/wp-json\/wp\/v2\/media\/2243"}],"wp:attachment":[{"href":"https:\/\/www.yellowcar.com\/en\/wp-json\/wp\/v2\/media?parent=3347"}],"wp:term":[{"taxonomy":"category","embeddable":true,"href":"https:\/\/www.yellowcar.com\/en\/wp-json\/wp\/v2\/categories?post=3347"},{"taxonomy":"post_tag","embeddable":true,"href":"https:\/\/www.yellowcar.com\/en\/wp-json\/wp\/v2\/tags?post=3347"}],"curies":[{"name":"wp","href":"https:\/\/api.w.org\/{rel}","templated":true}]}}